[{"command":"insert","method":"append","selector":"body","data":"\u003Ch3\u003EAccueil V\u00e9lo Kriterien\u003C\/h3\u003E\u003Cdiv class=\u0022argument-accueil-velo-teaser\u0022\u003E\n        \u003Cdiv class=\u0022field_image\u0022\u003E  \u003Cimg loading=\u0022lazy\u0022 src=\u0022\/sites\/default\/files\/accueilvelo\/2-picto-orientation.png\u0022 width=\u00221102\u0022 height=\u00221102\u0022 alt=\u0022\u0022 \/\u003E\n\n\u003C\/div\u003E\n  \n  \u003Cdiv class=\u0022label\u0022\u003EGut informiert ankommen\u003C\/div\u003E\n        \u003Cdiv class=\u0022description\u0022\u003E\u003Cp\u003E\u003Cmeta charset=\u0022utf-8\u0022\u003EKlare und pr\u00e4zise Informationen helfen Ihnen, den besten Weg zu Ihrem gew\u00e4hlten Accueil V\u00e9lo-Betrieb zu finden.\u003C\/p\u003E\u003C\/div\u003E\n  \n\u003C\/div\u003E\n\u003Cdiv class=\u0022argument-accueil-velo-teaser\u0022\u003E\n        \u003Cdiv class=\u0022field_image\u0022\u003E  \u003Cimg loading=\u0022lazy\u0022 src=\u0022\/sites\/default\/files\/accueilvelo\/1-picto-accueil.png\u0022 width=\u00221102\u0022 height=\u00221102\u0022 alt=\u0022\u0022 \/\u003E\n\n\u003C\/div\u003E\n  \n  \u003Cdiv class=\u0022label\u0022\u003EBegr\u00fc\u00dfung\u003C\/div\u003E\n        \u003Cdiv class=\u0022description\u0022\u003E\u003Cp\u003EEin pers\u00f6nlicher und freundlicher Empfang mit individuellen Tipps (n\u00fctzliche Adressen wie Reparaturservices, \u0026nbsp;usw.) sowie hilfreichen Informationen f\u00fcr Ihre Radtouren und Besichtigungen\u003C\/p\u003E\u003C\/div\u003E\n  \n\u003C\/div\u003E\n\u003Cdiv class=\u0022argument-accueil-velo-teaser\u0022\u003E\n        \u003Cdiv class=\u0022field_image\u0022\u003E  \u003Cimg loading=\u0022lazy\u0022 src=\u0022\/sites\/default\/files\/accueilvelo\/4-picto-parking-2.png\u0022 width=\u00221102\u0022 height=\u00221102\u0022 alt=\u0022\u0022 \/\u003E\n\n\u003C\/div\u003E\n  \n  \u003Cdiv class=\u0022label\u0022\u003EFahrrad sicher abstellen\u003C\/div\u003E\n        \u003Cdiv class=\u0022description\u0022\u003E\u003Cp\u003E\u003Cmeta charset=\u0022utf-8\u0022\u003E\u003Cmeta charset=\u0022utf-8\u0022\u003E\u003Cspan style=\u0022background-color:transparent;color:#000000;font-family:Arial,sans-serif;font-size:11pt;font-style:normal;font-variant:normal;font-weight:400;text-decoration:none;vertical-align:baseline;white-space:pre-wrap;\u0022\u003EEin\u0026nbsp; sicherer und kostenloser Abstellplatz f\u00fcr Ihr Fahrrad \u2013 ob f\u00fcr eine Mittagspause, eine \u00dcbernachtung oder einen Zwischenstopp ganz entspannt.\u003C\/span\u003E\u003C\/p\u003E\u003C\/div\u003E\n  \n\u003C\/div\u003E\n\u003Cdiv class=\u0022argument-accueil-velo-teaser\u0022\u003E\n        \u003Cdiv class=\u0022field_image\u0022\u003E  \u003Cimg loading=\u0022lazy\u0022 src=\u0022\/sites\/default\/files\/accueilvelo\/5-picto-bagage-2.png\u0022 width=\u00221102\u0022 height=\u00221102\u0022 alt=\u0022\u0022 \/\u003E\n\n\u003C\/div\u003E\n  \n  \u003Cdiv class=\u0022label\u0022\u003EGep\u00e4ck sorgenfrei unterbringen\u003C\/div\u003E\n        \u003Cdiv class=\u0022description\u0022\u003E\u003Cp\u003ELassen Sie Ihre Taschen und \u0026nbsp;Ihr Gep\u00e4ck sorgenfrei in einem gesch\u00fctzten Bereich (bewacht, Schlie\u00dff\u00e4cher oder Gep\u00e4ckaufbewahrung), um Ihre Pause unbeschwert zu genie\u00dfen.\u003C\/p\u003E\u003C\/div\u003E\n  \n\u003C\/div\u003E\n\u003Cdiv class=\u0022argument-accueil-velo-teaser\u0022\u003E\n        \u003Cdiv class=\u0022field_image\u0022\u003E  \u003Cimg loading=\u0022lazy\u0022 src=\u0022\/sites\/default\/files\/accueilvelo\/6-picto-recharge-tel-2.png\u0022 width=\u00221102\u0022 height=\u00221102\u0022 alt=\u0022\u0022 \/\u003E\n\n\u003C\/div\u003E\n  \n  \u003Cdiv class=\u0022label\u0022\u003EGer\u00e4te aufladen\u003C\/div\u003E\n        \u003Cdiv class=\u0022description\u0022\u003E\u003Cp\u003ELaden Sie Ihr Smartphone oder GPS ganz einfach w\u00e4hrend Ihrer Tour auf.\u003C\/p\u003E\u003C\/div\u003E\n  \n\u003C\/div\u003E\n\u003Cdiv class=\u0022argument-accueil-velo-teaser\u0022\u003E\n        \u003Cdiv class=\u0022field_image\u0022\u003E  \u003Cimg loading=\u0022lazy\u0022 src=\u0022\/sites\/default\/files\/accueilvelo\/7-picto-batterie-2.png\u0022 width=\u00221102\u0022 height=\u00221102\u0022 alt=\u0022\u0022 \/\u003E\n\n\u003C\/div\u003E\n  \n  \u003Cdiv class=\u0022label\u0022\u003EE-Bike aufladen\u003C\/div\u003E\n        \u003Cdiv class=\u0022description\u0022\u003E\u003Cp\u003ELaden Sie Ihr E-Bike bequem auf, um nach jeder Etappe wieder mit 100 % Energie weiterzufahren.\u003C\/p\u003E\u003C\/div\u003E\n  \n\u003C\/div\u003E\n\u003Cdiv class=\u0022argument-accueil-velo-teaser\u0022\u003E\n        \u003Cdiv class=\u0022field_image\u0022\u003E  \u003Cimg loading=\u0022lazy\u0022 src=\u0022\/sites\/default\/files\/accueilvelo\/3-picto-reparation-2.png\u0022 width=\u00221102\u0022 height=\u00221102\u0022 alt=\u0022\u0022 \/\u003E\n\n\u003C\/div\u003E\n  \n  \u003Cdiv class=\u0022label\u0022\u003EReparaturset\u003C\/div\u003E\n        \u003Cdiv class=\u0022description\u0022\u003E\u003Cp\u003E\u003Cmeta charset=\u0022utf-8\u0022\u003EEin vollst\u00e4ndiges Reparaturset steht im Pannenfall zur Verf\u00fcgung ebenso wie die Adresse der n\u00e4chsten Reparaturwerkstatt.\u003C\/p\u003E\u003C\/div\u003E\n  \n\u003C\/div\u003E\n\u003Ch3\u003EZus\u00e4tzliche Kriterien f\u00fcr Unterk\u00fcnfte\u003C\/h3\u003E\u003Cdiv class=\u0022argument-accueil-velo-teaser\u0022\u003E\n        \u003Cdiv class=\u0022field_image\u0022\u003E  \u003Cimg loading=\u0022lazy\u0022 src=\u0022\/sites\/default\/files\/accueilvelo\/laver-linge-accueil-velo_0.png\u0022 width=\u002280\u0022 height=\u002280\u0022 alt=\u0022\u0022 \/\u003E\n\n\u003C\/div\u003E\n  \n  \u003Cdiv class=\u0022label\u0022\u003EW\u00e4sche waschen\u003C\/div\u003E\n        \u003Cdiv class=\u0022description\u0022\u003E\u003Cp\u003ENach einer Etappe haben Sie die M\u00f6glichkeit, Ihre Kleidung zu waschen und zu trocknen \u2013 f\u00fcr einen frischen Start am n\u00e4chsten Tag.\u003C\/p\u003E\u003C\/div\u003E\n  \n\u003C\/div\u003E\n\u003Cdiv class=\u0022argument-accueil-velo-teaser\u0022\u003E\n        \u003Cdiv class=\u0022field_image\u0022\u003E  \u003Cimg loading=\u0022lazy\u0022 src=\u0022\/sites\/default\/files\/accueilvelo\/nettoyage-velo-accueil-velo.png\u0022 width=\u002280\u0022 height=\u002280\u0022 alt=\u0022\u0022 \/\u003E\n\n\u003C\/div\u003E\n  \n  \u003Cdiv class=\u0022label\u0022\u003EFahrrad reinigen\u003C\/div\u003E\n        \u003Cdiv class=\u0022description\u0022\u003E\u003Cp\u003EAuch Ihr Fahrrad verdient eine Pause: Geeignete Einrichtungen oder Bereiche erm\u00f6glichen eine einfache Reinigung nach Ihrer Tour.\u003C\/p\u003E\u003C\/div\u003E\n  \n\u003C\/div\u003E\n\u003Cdiv class=\u0022argument-accueil-velo-teaser\u0022\u003E\n        \u003Cdiv class=\u0022field_image\u0022\u003E  \u003Cimg loading=\u0022lazy\u0022 src=\u0022\/sites\/default\/files\/accueilvelo\/petit-dejeuner-accueil-velo.png\u0022 width=\u002280\u0022 height=\u002280\u0022 alt=\u0022\u0022 \/\u003E\n\n\u003C\/div\u003E\n  \n  \u003Cdiv class=\u0022label\u0022\u003EEnergie tanken beim Fr\u00fchst\u00fcck\u003C\/div\u003E\n        \u003Cdiv class=\u0022description\u0022\u003E\u003Cp\u003EWenn Accueil V\u00e9lo-Unterk\u00fcnfte Fr\u00fchst\u00fcck anbieten, ist dieses auf die Bed\u00fcrfnisse von Radreisenden abgestimmt \u2013 f\u00fcr einen optimalen Start in den Tag.\u003C\/p\u003E\u003C\/div\u003E\n  \n\u003C\/div\u003E\n\u003Cdiv class=\u0022argument-accueil-velo-teaser\u0022\u003E\n        \u003Cdiv class=\u0022field_image\u0022\u003E  \u003Cimg loading=\u0022lazy\u0022 src=\u0022\/sites\/default\/files\/accueilvelo\/repas-soir-accueil-velo.png\u0022 width=\u002280\u0022 height=\u002280\u0022 alt=\u0022\u0022 \/\u003E\n\n\u003C\/div\u003E\n  \n  \u003Cdiv class=\u0022label\u0022\u003EInfach ein Restaurant finden\u003C\/div\u003E\n        \u003Cdiv class=\u0022description\u0022\u003E\u003Cp\u003EBietet Ihre Unterkunft kein Abendessen an, empfiehlt Ihnen Ihr Gastgeber gerne Restaurants in der N\u00e4he.\u003C\/p\u003E\u003C\/div\u003E\n  \n\u003C\/div\u003E\n\u003Cdiv class=\u0022argument-accueil-velo-teaser\u0022\u003E\n        \u003Cdiv class=\u0022field_image\u0022\u003E  \u003Cimg loading=\u0022lazy\u0022 src=\u0022\/sites\/default\/files\/accueilvelo\/transfert-bagage-accueil-velo.png\u0022 width=\u002280\u0022 height=\u002280\u0022 alt=\u0022\u0022 \/\u003E\n\n\u003C\/div\u003E\n  \n  \u003Cdiv class=\u0022label\u0022\u003EGep\u00e4cktransfer (optional)\u003C\/div\u003E\n        \u003Cdiv class=\u0022description\u0022\u003E\u003Cp\u003E\u003Cmeta charset=\u0022utf-8\u0022\u003E\u003Cspan style=\u0022background-color:transparent;color:#000000;font-family:Arial,sans-serif;font-size:11pt;font-style:normal;font-variant:normal;font-weight:400;text-decoration:none;vertical-align:baseline;white-space:pre-wrap;\u0022\u003EEinige Accueil V\u00e9lo bieten einen Gep\u00e4cktransfer zwischen Ihren Etappen an, damit Sie leichter reisen k\u00f6nnen.\u003C\/span\u003E\u003C\/p\u003E\u003C\/div\u003E\n  \n\u003C\/div\u003E\n\u003Cdiv class=\u0022argument-accueil-velo-teaser\u0022\u003E\n        \u003Cdiv class=\u0022field_image\u0022\u003E  \u003Cimg loading=\u0022lazy\u0022 src=\u0022\/sites\/default\/files\/accueilvelo\/parking-accueil-velo.png\u0022 width=\u002280\u0022 height=\u002280\u0022 alt=\u0022\u0022 \/\u003E\n\n\u003C\/div\u003E\n  \n  \u003Cdiv class=\u0022label\u0022\u003EFahrzeug parken w\u00e4hrend der Reise (optional)\u003C\/div\u003E\n        \u003Cdiv class=\u0022description\u0022\u003E\u003Cp\u003EEinige Accueil V\u00e9lo erm\u00f6glichen es Ihnen, Ihr Fahrzeug w\u00e4hrend Ihrer Radtour sicher vor Ort zu parken.\u003C\/p\u003E\u003C\/div\u003E\n  \n\u003C\/div\u003E\n\u003Cdiv\u003E\n  \u003Cdiv class=\u0022modal\u0022 data-id=\u0022avantage-accueil-velo\u0022 data-open=\u0022true\u0022 data-remove=\u0022true\u0022\u003E\n    \u003Cdiv class=\u0022modal-head d-flex\u0022\u003E\n      \u003Ch3\u003E Les avantages Accueil V\u00e9lo\u003C\/h3\u003E\n      \u003Ca href=\u0022#\u0022 class=\u0022close alignright inherit\u0022 data-icon=\u0022close\u0022\u003E\u003C\/a\u003E\n    \u003C\/div\u003E\n    \u003Cdiv class=\u0022content-modal\u0022\u003E\n              \u003Ch3\u003EAccueil V\u00e9lo Kriterien\u003C\/h3\u003E\u003Cdiv class=\u0022argument-accueil-velo-teaser\u0022\u003E\n        \u003Cdiv class=\u0022field_image\u0022\u003E  \u003Cimg loading=\u0022lazy\u0022 src=\u0022\/sites\/default\/files\/accueilvelo\/2-picto-orientation.png\u0022 width=\u00221102\u0022 height=\u00221102\u0022 alt=\u0022\u0022 \/\u003E\n\n\u003C\/div\u003E\n  \n  \u003Cdiv class=\u0022label\u0022\u003EGut informiert ankommen\u003C\/div\u003E\n        \u003Cdiv class=\u0022description\u0022\u003E\u003Cp\u003E\u003Cmeta charset=\u0022utf-8\u0022\u003EKlare und pr\u00e4zise Informationen helfen Ihnen, den besten Weg zu Ihrem gew\u00e4hlten Accueil V\u00e9lo-Betrieb zu finden.\u003C\/p\u003E\u003C\/div\u003E\n  \n\u003C\/div\u003E\n\u003Cdiv class=\u0022argument-accueil-velo-teaser\u0022\u003E\n        \u003Cdiv class=\u0022field_image\u0022\u003E  \u003Cimg loading=\u0022lazy\u0022 src=\u0022\/sites\/default\/files\/accueilvelo\/1-picto-accueil.png\u0022 width=\u00221102\u0022 height=\u00221102\u0022 alt=\u0022\u0022 \/\u003E\n\n\u003C\/div\u003E\n  \n  \u003Cdiv class=\u0022label\u0022\u003EBegr\u00fc\u00dfung\u003C\/div\u003E\n        \u003Cdiv class=\u0022description\u0022\u003E\u003Cp\u003EEin pers\u00f6nlicher und freundlicher Empfang mit individuellen Tipps (n\u00fctzliche Adressen wie Reparaturservices, \u0026nbsp;usw.) sowie hilfreichen Informationen f\u00fcr Ihre Radtouren und Besichtigungen\u003C\/p\u003E\u003C\/div\u003E\n  \n\u003C\/div\u003E\n\u003Cdiv class=\u0022argument-accueil-velo-teaser\u0022\u003E\n        \u003Cdiv class=\u0022field_image\u0022\u003E  \u003Cimg loading=\u0022lazy\u0022 src=\u0022\/sites\/default\/files\/accueilvelo\/4-picto-parking-2.png\u0022 width=\u00221102\u0022 height=\u00221102\u0022 alt=\u0022\u0022 \/\u003E\n\n\u003C\/div\u003E\n  \n  \u003Cdiv class=\u0022label\u0022\u003EFahrrad sicher abstellen\u003C\/div\u003E\n        \u003Cdiv class=\u0022description\u0022\u003E\u003Cp\u003E\u003Cmeta charset=\u0022utf-8\u0022\u003E\u003Cmeta charset=\u0022utf-8\u0022\u003E\u003Cspan style=\u0022background-color:transparent;color:#000000;font-family:Arial,sans-serif;font-size:11pt;font-style:normal;font-variant:normal;font-weight:400;text-decoration:none;vertical-align:baseline;white-space:pre-wrap;\u0022\u003EEin\u0026nbsp; sicherer und kostenloser Abstellplatz f\u00fcr Ihr Fahrrad \u2013 ob f\u00fcr eine Mittagspause, eine \u00dcbernachtung oder einen Zwischenstopp ganz entspannt.\u003C\/span\u003E\u003C\/p\u003E\u003C\/div\u003E\n  \n\u003C\/div\u003E\n\u003Cdiv class=\u0022argument-accueil-velo-teaser\u0022\u003E\n        \u003Cdiv class=\u0022field_image\u0022\u003E  \u003Cimg loading=\u0022lazy\u0022 src=\u0022\/sites\/default\/files\/accueilvelo\/5-picto-bagage-2.png\u0022 width=\u00221102\u0022 height=\u00221102\u0022 alt=\u0022\u0022 \/\u003E\n\n\u003C\/div\u003E\n  \n  \u003Cdiv class=\u0022label\u0022\u003EGep\u00e4ck sorgenfrei unterbringen\u003C\/div\u003E\n        \u003Cdiv class=\u0022description\u0022\u003E\u003Cp\u003ELassen Sie Ihre Taschen und \u0026nbsp;Ihr Gep\u00e4ck sorgenfrei in einem gesch\u00fctzten Bereich (bewacht, Schlie\u00dff\u00e4cher oder Gep\u00e4ckaufbewahrung), um Ihre Pause unbeschwert zu genie\u00dfen.\u003C\/p\u003E\u003C\/div\u003E\n  \n\u003C\/div\u003E\n\u003Cdiv class=\u0022argument-accueil-velo-teaser\u0022\u003E\n        \u003Cdiv class=\u0022field_image\u0022\u003E  \u003Cimg loading=\u0022lazy\u0022 src=\u0022\/sites\/default\/files\/accueilvelo\/6-picto-recharge-tel-2.png\u0022 width=\u00221102\u0022 height=\u00221102\u0022 alt=\u0022\u0022 \/\u003E\n\n\u003C\/div\u003E\n  \n  \u003Cdiv class=\u0022label\u0022\u003EGer\u00e4te aufladen\u003C\/div\u003E\n        \u003Cdiv class=\u0022description\u0022\u003E\u003Cp\u003ELaden Sie Ihr Smartphone oder GPS ganz einfach w\u00e4hrend Ihrer Tour auf.\u003C\/p\u003E\u003C\/div\u003E\n  \n\u003C\/div\u003E\n\u003Cdiv class=\u0022argument-accueil-velo-teaser\u0022\u003E\n        \u003Cdiv class=\u0022field_image\u0022\u003E  \u003Cimg loading=\u0022lazy\u0022 src=\u0022\/sites\/default\/files\/accueilvelo\/7-picto-batterie-2.png\u0022 width=\u00221102\u0022 height=\u00221102\u0022 alt=\u0022\u0022 \/\u003E\n\n\u003C\/div\u003E\n  \n  \u003Cdiv class=\u0022label\u0022\u003EE-Bike aufladen\u003C\/div\u003E\n        \u003Cdiv class=\u0022description\u0022\u003E\u003Cp\u003ELaden Sie Ihr E-Bike bequem auf, um nach jeder Etappe wieder mit 100 % Energie weiterzufahren.\u003C\/p\u003E\u003C\/div\u003E\n  \n\u003C\/div\u003E\n\u003Cdiv class=\u0022argument-accueil-velo-teaser\u0022\u003E\n        \u003Cdiv class=\u0022field_image\u0022\u003E  \u003Cimg loading=\u0022lazy\u0022 src=\u0022\/sites\/default\/files\/accueilvelo\/3-picto-reparation-2.png\u0022 width=\u00221102\u0022 height=\u00221102\u0022 alt=\u0022\u0022 \/\u003E\n\n\u003C\/div\u003E\n  \n  \u003Cdiv class=\u0022label\u0022\u003EReparaturset\u003C\/div\u003E\n        \u003Cdiv class=\u0022description\u0022\u003E\u003Cp\u003E\u003Cmeta charset=\u0022utf-8\u0022\u003EEin vollst\u00e4ndiges Reparaturset steht im Pannenfall zur Verf\u00fcgung ebenso wie die Adresse der n\u00e4chsten Reparaturwerkstatt.\u003C\/p\u003E\u003C\/div\u003E\n  \n\u003C\/div\u003E\n\u003Ch3\u003EZus\u00e4tzliche Kriterien f\u00fcr Unterk\u00fcnfte\u003C\/h3\u003E\u003Cdiv class=\u0022argument-accueil-velo-teaser\u0022\u003E\n        \u003Cdiv class=\u0022field_image\u0022\u003E  \u003Cimg loading=\u0022lazy\u0022 src=\u0022\/sites\/default\/files\/accueilvelo\/laver-linge-accueil-velo_0.png\u0022 width=\u002280\u0022 height=\u002280\u0022 alt=\u0022\u0022 \/\u003E\n\n\u003C\/div\u003E\n  \n  \u003Cdiv class=\u0022label\u0022\u003EW\u00e4sche waschen\u003C\/div\u003E\n        \u003Cdiv class=\u0022description\u0022\u003E\u003Cp\u003ENach einer Etappe haben Sie die M\u00f6glichkeit, Ihre Kleidung zu waschen und zu trocknen \u2013 f\u00fcr einen frischen Start am n\u00e4chsten Tag.\u003C\/p\u003E\u003C\/div\u003E\n  \n\u003C\/div\u003E\n\u003Cdiv class=\u0022argument-accueil-velo-teaser\u0022\u003E\n        \u003Cdiv class=\u0022field_image\u0022\u003E  \u003Cimg loading=\u0022lazy\u0022 src=\u0022\/sites\/default\/files\/accueilvelo\/nettoyage-velo-accueil-velo.png\u0022 width=\u002280\u0022 height=\u002280\u0022 alt=\u0022\u0022 \/\u003E\n\n\u003C\/div\u003E\n  \n  \u003Cdiv class=\u0022label\u0022\u003EFahrrad reinigen\u003C\/div\u003E\n        \u003Cdiv class=\u0022description\u0022\u003E\u003Cp\u003EAuch Ihr Fahrrad verdient eine Pause: Geeignete Einrichtungen oder Bereiche erm\u00f6glichen eine einfache Reinigung nach Ihrer Tour.\u003C\/p\u003E\u003C\/div\u003E\n  \n\u003C\/div\u003E\n\u003Cdiv class=\u0022argument-accueil-velo-teaser\u0022\u003E\n        \u003Cdiv class=\u0022field_image\u0022\u003E  \u003Cimg loading=\u0022lazy\u0022 src=\u0022\/sites\/default\/files\/accueilvelo\/petit-dejeuner-accueil-velo.png\u0022 width=\u002280\u0022 height=\u002280\u0022 alt=\u0022\u0022 \/\u003E\n\n\u003C\/div\u003E\n  \n  \u003Cdiv class=\u0022label\u0022\u003EEnergie tanken beim Fr\u00fchst\u00fcck\u003C\/div\u003E\n        \u003Cdiv class=\u0022description\u0022\u003E\u003Cp\u003EWenn Accueil V\u00e9lo-Unterk\u00fcnfte Fr\u00fchst\u00fcck anbieten, ist dieses auf die Bed\u00fcrfnisse von Radreisenden abgestimmt \u2013 f\u00fcr einen optimalen Start in den Tag.\u003C\/p\u003E\u003C\/div\u003E\n  \n\u003C\/div\u003E\n\u003Cdiv class=\u0022argument-accueil-velo-teaser\u0022\u003E\n        \u003Cdiv class=\u0022field_image\u0022\u003E  \u003Cimg loading=\u0022lazy\u0022 src=\u0022\/sites\/default\/files\/accueilvelo\/repas-soir-accueil-velo.png\u0022 width=\u002280\u0022 height=\u002280\u0022 alt=\u0022\u0022 \/\u003E\n\n\u003C\/div\u003E\n  \n  \u003Cdiv class=\u0022label\u0022\u003EInfach ein Restaurant finden\u003C\/div\u003E\n        \u003Cdiv class=\u0022description\u0022\u003E\u003Cp\u003EBietet Ihre Unterkunft kein Abendessen an, empfiehlt Ihnen Ihr Gastgeber gerne Restaurants in der N\u00e4he.\u003C\/p\u003E\u003C\/div\u003E\n  \n\u003C\/div\u003E\n\u003Cdiv class=\u0022argument-accueil-velo-teaser\u0022\u003E\n        \u003Cdiv class=\u0022field_image\u0022\u003E  \u003Cimg loading=\u0022lazy\u0022 src=\u0022\/sites\/default\/files\/accueilvelo\/transfert-bagage-accueil-velo.png\u0022 width=\u002280\u0022 height=\u002280\u0022 alt=\u0022\u0022 \/\u003E\n\n\u003C\/div\u003E\n  \n  \u003Cdiv class=\u0022label\u0022\u003EGep\u00e4cktransfer (optional)\u003C\/div\u003E\n        \u003Cdiv class=\u0022description\u0022\u003E\u003Cp\u003E\u003Cmeta charset=\u0022utf-8\u0022\u003E\u003Cspan style=\u0022background-color:transparent;color:#000000;font-family:Arial,sans-serif;font-size:11pt;font-style:normal;font-variant:normal;font-weight:400;text-decoration:none;vertical-align:baseline;white-space:pre-wrap;\u0022\u003EEinige Accueil V\u00e9lo bieten einen Gep\u00e4cktransfer zwischen Ihren Etappen an, damit Sie leichter reisen k\u00f6nnen.\u003C\/span\u003E\u003C\/p\u003E\u003C\/div\u003E\n  \n\u003C\/div\u003E\n\u003Cdiv class=\u0022argument-accueil-velo-teaser\u0022\u003E\n        \u003Cdiv class=\u0022field_image\u0022\u003E  \u003Cimg loading=\u0022lazy\u0022 src=\u0022\/sites\/default\/files\/accueilvelo\/parking-accueil-velo.png\u0022 width=\u002280\u0022 height=\u002280\u0022 alt=\u0022\u0022 \/\u003E\n\n\u003C\/div\u003E\n  \n  \u003Cdiv class=\u0022label\u0022\u003EFahrzeug parken w\u00e4hrend der Reise (optional)\u003C\/div\u003E\n        \u003Cdiv class=\u0022description\u0022\u003E\u003Cp\u003EEinige Accueil V\u00e9lo erm\u00f6glichen es Ihnen, Ihr Fahrzeug w\u00e4hrend Ihrer Radtour sicher vor Ort zu parken.\u003C\/p\u003E\u003C\/div\u003E\n  \n\u003C\/div\u003E\n\n          \u003C\/div\u003E\n  \u003C\/div\u003E\n\u003C\/div\u003E\n","settings":null}]